{"id":11855,"date":"2024-11-13T13:46:48","date_gmt":"2024-11-13T12:46:48","guid":{"rendered":"https:\/\/ceigram.upm.es\/taller-participativo-del-proyecto-reclamo-reflexiones-sobre-la-situacion-actual-y-futura-del-agua-regenerada\/"},"modified":"2025-01-08T15:36:15","modified_gmt":"2025-01-08T14:36:15","slug":"taller-participativo-del-proyecto-reclamo-reflexiones-sobre-la-situacion-actual-y-futura-del-agua-regenerada","status":"publish","type":"post","link":"https:\/\/ceigram.upm.es\/en\/taller-participativo-del-proyecto-reclamo-reflexiones-sobre-la-situacion-actual-y-futura-del-agua-regenerada\/","title":{"rendered":"Taller participativo del proyecto RECLAMO: Reflexiones sobre la situaci\u00f3n actual y futura del agua regenerada"},"content":{"rendered":"\n<p>El 8 de noviembre de 2024, en el Hotel Siete Coronas de Murcia, el <a href=\"https:\/\/blogs.upm.es\/reclamo\/\" target=\"_blank\" rel=\"noreferrer noopener\">proyecto RECLAMO<\/a> organiz\u00f3 un taller participativo para presentar los resultados del proyecto y analizar el presente y futuro de las fuentes de agua no convencionales (desalada y regenerada) en la regi\u00f3n de Murcia. Al evento asistieron actores clave del sector agr\u00edcola e h\u00eddrico en Murcia, incluyendo comunidades de regantes, empresas, organizaciones ecologistas, representantes gubernamentales, as\u00ed como expertos y t\u00e9cnicos.<\/p>\n\n\n\n<p>Las investigadoras del proyecto RECLAMO compartieron los <a href=\"https:\/\/blogs.upm.es\/reclamo\/publicaciones\/articulos-2\/\" target=\"_blank\" rel=\"noreferrer noopener\">resultados m\u00e1s relevantes obtenidos hasta la fecha<\/a>, que abarcan estudios de percepci\u00f3n sobre el uso de agua regenerada y el desarrollo de modelos hidro-econ\u00f3micos para evaluar su potencial y efectos en la agricultura a distintas escalas, desde la explotaci\u00f3n agraria hasta la sub-cuenca.<\/p>\n\n\n\n<figure class=\"wp-block-image size-large\"><img loading=\"lazy\" decoding=\"async\" width=\"1024\" height=\"713\" src=\"https:\/\/ceigram.upm.es\/wp-content\/uploads\/2024\/11\/Presentacion-resultados-1024x713.jpg\" alt=\"\" class=\"wp-image-7785\" srcset=\"https:\/\/ceigram.upm.es\/wp-content\/uploads\/2024\/11\/Presentacion-resultados-1024x713.jpg 1024w, https:\/\/ceigram.upm.es\/wp-content\/uploads\/2024\/11\/Presentacion-resultados-300x209.jpg 300w, https:\/\/ceigram.upm.es\/wp-content\/uploads\/2024\/11\/Presentacion-resultados-768x535.jpg 768w, https:\/\/ceigram.upm.es\/wp-content\/uploads\/2024\/11\/Presentacion-resultados-1536x1069.jpg 1536w, https:\/\/ceigram.upm.es\/wp-content\/uploads\/2024\/11\/Presentacion-resultados-2048x1426.jpg 2048w\" sizes=\"auto, (max-width: 1024px) 100vw, 1024px\" \/><figcaption class=\"wp-element-caption\"><em>Participantes atentos a la presentaci\u00f3n de resultados en el taller<\/em><\/figcaption><\/figure>\n\n\n\n<p>A continuaci\u00f3n, se abord\u00f3 el an\u00e1lisis de la situaci\u00f3n actual de los recursos no convencionales en Murcia, identificando los factores que influyen en su desarrollo y uso, as\u00ed como las interacciones y relevancia de estos factores. Finalmente, se explor\u00f3 el escenario futuro mediante un an\u00e1lisis DAFO (debilidades, amenazas, fortalezas y oportunidades), identificando las acciones prioritarias para potenciar fortalezas y oportunidades y superar las debilidades y amenazas.<\/p>\n\n\n\n<figure class=\"wp-block-image size-large\"><img loading=\"lazy\" decoding=\"async\" width=\"1024\" height=\"578\" src=\"https:\/\/ceigram.upm.es\/wp-content\/uploads\/2024\/11\/Participando-en-taller-1024x578.jpg\" alt=\"\" class=\"wp-image-7784\" srcset=\"https:\/\/ceigram.upm.es\/wp-content\/uploads\/2024\/11\/Participando-en-taller-1024x578.jpg 1024w, https:\/\/ceigram.upm.es\/wp-content\/uploads\/2024\/11\/Participando-en-taller-300x169.jpg 300w, https:\/\/ceigram.upm.es\/wp-content\/uploads\/2024\/11\/Participando-en-taller-768x434.jpg 768w, https:\/\/ceigram.upm.es\/wp-content\/uploads\/2024\/11\/Participando-en-taller-1536x867.jpg 1536w, https:\/\/ceigram.upm.es\/wp-content\/uploads\/2024\/11\/Participando-en-taller-2048x1156.jpg 2048w\" sizes=\"auto, (max-width: 1024px) 100vw, 1024px\" \/><figcaption class=\"wp-element-caption\"><em>Asistentes al taller participando en el desarrollo del DAFO con sus tel\u00e9fonos m\u00f3viles<\/em><\/figcaption><\/figure>\n\n\n\n<p>El proyecto RECLAMO concluye en diciembre de 2024 tras cuatro a\u00f1os de intenso trabajo. Financiado por la Agencia Estatal de Investigaci\u00f3n del <a href=\"https:\/\/www.ciencia.gob.es\/\" target=\"_blank\" rel=\"noreferrer noopener\">Ministerio de Ciencia e Innovaci\u00f3n<\/a> (Ref. PID2019-104340RA-I00), ha sido liderado por investigadores del <a href=\"http:\/\/ceigram.upm.es\" target=\"_blank\" rel=\"noreferrer noopener\">Centro de Estudios e Investigaci\u00f3n para la Gesti\u00f3n de Riesgos Agrarios y Medioambientales (CEIGRAM)<\/a> de la <a href=\"http:\/\/upm.es\" target=\"_blank\" rel=\"noreferrer noopener\">Universidad Polit\u00e9cnica de Madrid.<\/a> Asimismo, ha contado con la colaboraci\u00f3n de expertos de renombre del<a href=\"https:\/\/www.sei.org\/\" target=\"_blank\" rel=\"noreferrer noopener\"> Stockholm Environment Institute<\/a> (SEI), la <a href=\"https:\/\/www.ucla.edu\/\">Universidad de California en Los \u00c1ngeles (UCLA)<\/a>, la <a href=\"https:\/\/www.tamu.edu\/\" target=\"_blank\" rel=\"noreferrer noopener\">Universidad de Texas A&amp;M (TAMU)<\/a>, la <a href=\"https:\/\/www.uniba.it\/en\" target=\"_blank\" rel=\"noreferrer noopener\">Universidad de Bari Aldo Moro (UNIBA)<\/a> y la <a href=\"https:\/\/www.leeds.ac.uk\/\" target=\"_blank\" rel=\"noreferrer noopener\">Universidad de Leeds (UoL)<\/a>.<\/p>\n","protected":false},"excerpt":{"rendered":"<p>El 8 de noviembre de 2024, en el Hotel Siete Coronas de Murcia, el proyecto RECLAMO organiz\u00f3 un taller participativo para presentar los resultados del proyecto y analizar el presente y futuro de las fuentes de agua no convencionales (desalada y regenerada) en la regi\u00f3n de Murcia. Al evento asistieron actores clave del sector agr\u00edcola [&hellip;]<\/p>\n","protected":false},"author":9,"featured_media":9207,"comment_status":"closed","ping_status":"closed","sticky":false,"template":"","format":"standard","meta":{"_acf_changed":false,"footnotes":""},"categories":[184],"tags":[],"class_list":["post-11855","post","type-post","status-publish","format-standard","has-post-thumbnail","hentry","category-news"],"acf":[],"_links":{"self":[{"href":"https:\/\/ceigram.upm.es\/en\/wp-json\/wp\/v2\/posts\/11855","targetHints":{"allow":["GET"]}}],"collection":[{"href":"https:\/\/ceigram.upm.es\/en\/wp-json\/wp\/v2\/posts"}],"about":[{"href":"https:\/\/ceigram.upm.es\/en\/wp-json\/wp\/v2\/types\/post"}],"author":[{"embeddable":true,"href":"https:\/\/ceigram.upm.es\/en\/wp-json\/wp\/v2\/users\/9"}],"replies":[{"embeddable":true,"href":"https:\/\/ceigram.upm.es\/en\/wp-json\/wp\/v2\/comments?post=11855"}],"version-history":[{"count":1,"href":"https:\/\/ceigram.upm.es\/en\/wp-json\/wp\/v2\/posts\/11855\/revisions"}],"predecessor-version":[{"id":12365,"href":"https:\/\/ceigram.upm.es\/en\/wp-json\/wp\/v2\/posts\/11855\/revisions\/12365"}],"wp:featuredmedia":[{"embeddable":true,"href":"https:\/\/ceigram.upm.es\/en\/wp-json\/wp\/v2\/media\/9207"}],"wp:attachment":[{"href":"https:\/\/ceigram.upm.es\/en\/wp-json\/wp\/v2\/media?parent=11855"}],"wp:term":[{"taxonomy":"category","embeddable":true,"href":"https:\/\/ceigram.upm.es\/en\/wp-json\/wp\/v2\/categories?post=11855"},{"taxonomy":"post_tag","embeddable":true,"href":"https:\/\/ceigram.upm.es\/en\/wp-json\/wp\/v2\/tags?post=11855"}],"curies":[{"name":"wp","href":"https:\/\/api.w.org\/{rel}","templated":true}]}}