{"id":29881,"date":"2026-03-25T08:23:33","date_gmt":"2026-03-25T07:23:33","guid":{"rendered":"https:\/\/ceigram.upm.es\/3rd-general-assembly-of-the-act4cap27-project-at-the-etsiaab-upm\/"},"modified":"2026-03-25T10:05:48","modified_gmt":"2026-03-25T09:05:48","slug":"3rd-general-assembly-of-the-act4cap27-project-at-the-etsiaab-upm","status":"publish","type":"post","link":"https:\/\/ceigram.upm.es\/en\/3rd-general-assembly-of-the-act4cap27-project-at-the-etsiaab-upm\/","title":{"rendered":"3rd General Assembly of the ACT4CAP27 Project at the ETSIAAB, UPM"},"content":{"rendered":"\n<p>On<strong> 4 and 5 March 2026<\/strong>, the partners of the <strong><a href=\"mailto:https:\/\/act4cap27.eu\/\" target=\"_blank\" rel=\"noreferrer noopener\">ACT4CAP27 <\/a><\/strong>project met at the <strong><a href=\"https:\/\/etsiaab.upm.es\" target=\"_blank\" rel=\"noreferrer noopener\">Higher Technical School of Agricultural, Food and Biosystems Engineering<\/a><strong> <\/strong>(<strong>ETSIAAB<\/strong>) <\/strong>at the Universidad Polit\u00e9cnica de Madrid to hold the project\u2019s third General Assembly.<\/p>\n\n<p>Over the course of these two days, researchers reviewed the progress made in developing analytical tools and mapped out the strategic priorities needed to support the design of the <strong>post-2027 Common Agricultural Policy (CAP).<\/strong><\/p>\n\n<p>The \u201c<strong>ACT4CAP27: Advancing Capacity and Analytical Tools for Supporting Common Agricultural Policies post-2027\u201d<\/strong> project is funded by the <strong>Horizon Europe programme (Grant Agreement No. 101134874<\/strong>). Its main objective is to strengthen Europe\u2019s capacity to assess the economic, social and environmental impacts of agri-food policies, aligning modelling frameworks with the priorities of the European Green Deal. <\/p>\n\n<p>As part of the agenda for the project\u2019s annual meeting, the <strong>main progress <\/strong>made to date in various strategic areas of ACT4CAP27 was reviewed. Discussions focused on progress in the <strong>development and improvement of modelling tools<\/strong> designed to support policy analysis relating to the future of the CAP. <\/p>\n\n<p><strong><a href=\"https:\/\/ceigram.upm.es\/en\/team\/blanco-fonseca-maria\/\" target=\"_blank\" rel=\"noreferrer noopener\">Mar\u00eda Blanco,<\/a><\/strong> the principal investigator for this project at the UPM, presented the progress made in developing the <strong>baseline scenario<\/strong> that will serve as the foundation for <strong>medium- and long-term policy evaluations <\/strong>within the project. <\/p>\n\n<figure class=\"wp-block-image size-large\"><img data-dominant-color=\"857c81\" data-has-transparency=\"false\" style=\"--dominant-color: #857c81;\" loading=\"lazy\" decoding=\"async\" width=\"1024\" height=\"576\" src=\"https:\/\/ceigram.upm.es\/wp-content\/uploads\/2026\/03\/FullSizeRender-1024x576.avif\" alt=\"\" class=\"wp-image-29865 not-transparent\" srcset=\"https:\/\/ceigram.upm.es\/wp-content\/uploads\/2026\/03\/FullSizeRender-1024x576.avif 1024w, https:\/\/ceigram.upm.es\/wp-content\/uploads\/2026\/03\/FullSizeRender-300x169.avif 300w, https:\/\/ceigram.upm.es\/wp-content\/uploads\/2026\/03\/FullSizeRender-768x432.avif 768w, https:\/\/ceigram.upm.es\/wp-content\/uploads\/2026\/03\/FullSizeRender-1536x864.avif 1536w, https:\/\/ceigram.upm.es\/wp-content\/uploads\/2026\/03\/FullSizeRender-2048x1152.avif 2048w\" sizes=\"auto, (max-width: 1024px) 100vw, 1024px\" \/><figcaption class=\"wp-element-caption\">Mar\u00eda Blanco during her presentation at the 3rd General Assembly Meeting <\/figcaption><\/figure>\n\n<p>The sessions included technical discussions and workshops that enabled partners to share knowledge, align methodological approaches and strengthen collaboration within the consortium.<\/p>\n\n<p>In addition, and running in parallel with the programme sessions, a working meeting was held with the aim of continuing collaboration on the application of complex systems approaches to complement existing models. This is an area of work in which the UPM team is actively involved. <\/p>\n\n<p>In addition, some sessions of the general assembly were attended by other members of CEIGRAM who occasionally contribute to the project, including Isabel Bardaj\u00ed and Jos\u00e9 Mar\u00eda Sumpsi.<\/p>\n\n<p>The 3rd General Assembly of ACT4CAP27 concluded by reaffirming the consortium\u2019s commitment to developing advanced scientific tools and approaches to support decision-making within the framework of the post-2027 CAP. Multidisciplinary collaboration between European institutions remains key to strengthening the capacity for agri-food policy analysis and to providing rigorous knowledge in response to the economic, social, environmental and governance challenges facing the European agri-food system. <\/p>\n\n<p>For more details about the research project, you can visit its website<a href=\"https:\/\/act4cap27.eu\/\">:<\/a> <a href=\"https:\/\/act4cap27.eu\/\" target=\"_blank\" rel=\"noreferrer noopener\"><strong>https:\/\/act4cap27.eu<\/strong>\/<\/a><a href=\"https:\/\/act4cap27.eu\/\">,<\/a> or follow it on social media (<a href=\"https:\/\/www.linkedin.com\/company\/act4cap27-eu-project\/posts\/\" target=\"_blank\" rel=\"noreferrer noopener\">LinkedIn<\/a>, <a href=\"https:\/\/x.com\/ACT4CAP27\" target=\"_blank\" rel=\"noreferrer noopener\">X<\/a>).<\/p>\n\n<p>You can also read the news article about the 3rd General Assembly published on the project\u2019s website: <a href=\"https:\/\/act4cap27.eu\/act4cap27-3rd-annual-meeting-kicks-off-in-madrid-insights-from-day-1\/\" target=\"_blank\" rel=\"noreferrer noopener\">https:\/\/act4cap27.eu\/act4cap27-3rd-annual-meeting-kicks-off-in-madrid-insights-from-day-1\/<\/a><\/p>\n\n<div class=\"wp-block-columns is-layout-flex wp-container-core-columns-is-layout-9d6595d7 wp-block-columns-is-layout-flex\">\n<div class=\"wp-block-column is-layout-flow wp-block-column-is-layout-flow\">\n<figure class=\"wp-block-image size-full\"><img data-dominant-color=\"db8079\" data-has-transparency=\"false\" style=\"--dominant-color: #db8079;\" loading=\"lazy\" decoding=\"async\" width=\"389\" height=\"298\" src=\"https:\/\/ceigram.upm.es\/wp-content\/uploads\/2026\/03\/logo.avif\" alt=\"\" class=\"wp-image-29868 not-transparent\" srcset=\"https:\/\/ceigram.upm.es\/wp-content\/uploads\/2026\/03\/logo.avif 389w, https:\/\/ceigram.upm.es\/wp-content\/uploads\/2026\/03\/logo-300x230.avif 300w\" sizes=\"auto, (max-width: 389px) 100vw, 389px\" \/><\/figure>\n<\/div>\n\n\n\n<div class=\"wp-block-column is-layout-flow wp-block-column-is-layout-flow\"><div class=\"wp-block-image\">\n<figure class=\"aligncenter size-full\"><img data-dominant-color=\"c28e74\" data-has-transparency=\"false\" style=\"--dominant-color: #c28e74;\" loading=\"lazy\" decoding=\"async\" width=\"807\" height=\"169\" src=\"https:\/\/ceigram.upm.es\/wp-content\/uploads\/2026\/03\/funded-eu-UE.avif\" alt=\"\" class=\"wp-image-29870 not-transparent\" srcset=\"https:\/\/ceigram.upm.es\/wp-content\/uploads\/2026\/03\/funded-eu-UE.avif 807w, https:\/\/ceigram.upm.es\/wp-content\/uploads\/2026\/03\/funded-eu-UE-300x63.avif 300w, https:\/\/ceigram.upm.es\/wp-content\/uploads\/2026\/03\/funded-eu-UE-768x161.avif 768w\" sizes=\"auto, (max-width: 807px) 100vw, 807px\" \/><\/figure>\n<\/div><\/div>\n<\/div>\n\n<figure class=\"wp-block-image size-full is-resized\"><img data-dominant-color=\"e7817d\" data-has-transparency=\"false\" loading=\"lazy\" decoding=\"async\" width=\"700\" height=\"266\" src=\"https:\/\/ceigram.upm.es\/wp-content\/uploads\/2026\/03\/socios-Act4CAP27.avif\" alt=\"\" class=\"wp-image-29872 not-transparent\" style=\"--dominant-color: #e7817d; aspect-ratio:2.6317335369793806;width:832px;height:auto\" srcset=\"https:\/\/ceigram.upm.es\/wp-content\/uploads\/2026\/03\/socios-Act4CAP27.avif 700w, https:\/\/ceigram.upm.es\/wp-content\/uploads\/2026\/03\/socios-Act4CAP27-300x114.avif 300w\" sizes=\"auto, (max-width: 700px) 100vw, 700px\" \/><\/figure>\n","protected":false},"excerpt":{"rendered":"<p>On 4 and 5 March 2026, the partners of the ACT4CAP27 project met at the Higher Technical School of Agricultural, Food and Biosystems Engineering (ETSIAAB) at the Universidad Polit\u00e9cnica de Madrid to hold the project\u2019s third General Assembly. Over the course of these two days, researchers reviewed the progress made in developing analytical tools and [&hellip;]<\/p>\n","protected":false},"author":9,"featured_media":29864,"comment_status":"closed","ping_status":"closed","sticky":false,"template":"","format":"standard","meta":{"_acf_changed":false,"footnotes":""},"categories":[184],"tags":[],"class_list":["post-29881","post","type-post","status-publish","format-standard","has-post-thumbnail","hentry","category-news"],"acf":[],"_links":{"self":[{"href":"https:\/\/ceigram.upm.es\/en\/wp-json\/wp\/v2\/posts\/29881","targetHints":{"allow":["GET"]}}],"collection":[{"href":"https:\/\/ceigram.upm.es\/en\/wp-json\/wp\/v2\/posts"}],"about":[{"href":"https:\/\/ceigram.upm.es\/en\/wp-json\/wp\/v2\/types\/post"}],"author":[{"embeddable":true,"href":"https:\/\/ceigram.upm.es\/en\/wp-json\/wp\/v2\/users\/9"}],"replies":[{"embeddable":true,"href":"https:\/\/ceigram.upm.es\/en\/wp-json\/wp\/v2\/comments?post=29881"}],"version-history":[{"count":1,"href":"https:\/\/ceigram.upm.es\/en\/wp-json\/wp\/v2\/posts\/29881\/revisions"}],"predecessor-version":[{"id":29882,"href":"https:\/\/ceigram.upm.es\/en\/wp-json\/wp\/v2\/posts\/29881\/revisions\/29882"}],"wp:featuredmedia":[{"embeddable":true,"href":"https:\/\/ceigram.upm.es\/en\/wp-json\/wp\/v2\/media\/29864"}],"wp:attachment":[{"href":"https:\/\/ceigram.upm.es\/en\/wp-json\/wp\/v2\/media?parent=29881"}],"wp:term":[{"taxonomy":"category","embeddable":true,"href":"https:\/\/ceigram.upm.es\/en\/wp-json\/wp\/v2\/categories?post=29881"},{"taxonomy":"post_tag","embeddable":true,"href":"https:\/\/ceigram.upm.es\/en\/wp-json\/wp\/v2\/tags?post=29881"}],"curies":[{"name":"wp","href":"https:\/\/api.w.org\/{rel}","templated":true}]}}